{"id":7007,"date":"2022-05-11T14:42:05","date_gmt":"2022-05-11T14:42:05","guid":{"rendered":"https:\/\/bioingenieria.umh.es\/?p=7007"},"modified":"2023-11-23T21:20:52","modified_gmt":"2023-11-23T21:20:52","slug":"fecitelx-2022","status":"publish","type":"post","link":"https:\/\/bioingenieria.umh.es\/en\/2022\/05\/11\/fecitelx-2022\/","title":{"rendered":"FECITELX 2022"},"content":{"rendered":"<p>[et_pb_section fb_built=&#8221;1&#8243; _builder_version=&#8221;4.2.2&#8243;][et_pb_row _builder_version=&#8221;4.2.2&#8243;][et_pb_column type=&#8221;4_4&#8243; _builder_version=&#8221;4.2.2&#8243;][et_pb_text _builder_version=&#8221;4.2.2&#8243; text_orientation=&#8221;justified&#8221;]On Saturday, May 14, a new edition of FECITELX, the Science and Technology Fair, will be held. It will take place at the Elche Congress Center, with science workshops and shows in which groups from the Bioengineering Institute participate. You can check the program here, we are waiting for you![\/et_pb_text][et_pb_image src=&#8221;https:\/\/bioingenieria.umh.es\/files\/2022\/05\/1.png&#8221; _builder_version=&#8221;4.2.2&#8243; hover_enabled=&#8221;0&#8243; disabled_on=&#8221;on|on|on&#8221; disabled=&#8221;on&#8221;][\/et_pb_image][et_pb_image src=&#8221;https:\/\/bioingenieria.umh.es\/files\/2022\/05\/2.png&#8221; _builder_version=&#8221;4.2.2&#8243;][\/et_pb_image][\/et_pb_column][\/et_pb_row][\/et_pb_section]<\/p>\n","protected":false},"excerpt":{"rendered":"<p>On Saturday, May 14, a new edition of FECITELX, the Science and Technology Fair, will be held. It will take place at the Elche Congress Center, with science workshops and shows in which groups from the Bioengineering Institute participate. You can check the program here, we are waiting for you!<\/p>\n","protected":false},"author":3782,"featured_media":6998,"comment_status":"closed","ping_status":"open","sticky":false,"template":"","format":"standard","meta":{"_et_pb_use_builder":"on","_et_pb_old_content":"[et_pb_section fb_built=\"1\" _builder_version=\"4.2.2\"][et_pb_row _builder_version=\"4.2.2\"][et_pb_column type=\"4_4\" _builder_version=\"4.2.2\"][et_pb_text _builder_version=\"4.2.2\" hover_enabled=\"0\" text_orientation=\"justified\"]El s\u00e1bado 14 de mayo se celebrar\u00e1 una nueva edici\u00f3n de FECITELX, la Feria de la Ciencia y la Tecnolog\u00eda. Tendr\u00e1 lugar en el Centro de Congresos de Elche, con talleres de ciencia y espect\u00e1culos en los que participan grupos del instituto de Bioingenier\u00eda. Pod\u00e9is consultar aqu\u00ed el programa \u00a1os esperamos![\/et_pb_text][et_pb_image src=\"https:\/\/bioingenieria.umh.es\/files\/2022\/05\/1.png\" _builder_version=\"4.2.2\"][\/et_pb_image][et_pb_image src=\"https:\/\/bioingenieria.umh.es\/files\/2022\/05\/2.png\" _builder_version=\"4.2.2\"][\/et_pb_image][\/et_pb_column][\/et_pb_row][\/et_pb_section]","_et_gb_content_width":"","_links_to":"","_links_to_target":""},"categories":[914710],"tags":[],"_links":{"self":[{"href":"https:\/\/bioingenieria.umh.es\/en\/wp-json\/wp\/v2\/posts\/7007"}],"collection":[{"href":"https:\/\/bioingenieria.umh.es\/en\/wp-json\/wp\/v2\/posts"}],"about":[{"href":"https:\/\/bioingenieria.umh.es\/en\/wp-json\/wp\/v2\/types\/post"}],"author":[{"embeddable":true,"href":"https:\/\/bioingenieria.umh.es\/en\/wp-json\/wp\/v2\/users\/3782"}],"replies":[{"embeddable":true,"href":"https:\/\/bioingenieria.umh.es\/en\/wp-json\/wp\/v2\/comments?post=7007"}],"version-history":[{"count":0,"href":"https:\/\/bioingenieria.umh.es\/en\/wp-json\/wp\/v2\/posts\/7007\/revisions"}],"wp:featuredmedia":[{"embeddable":true,"href":"https:\/\/bioingenieria.umh.es\/en\/wp-json\/wp\/v2\/media\/6998"}],"wp:attachment":[{"href":"https:\/\/bioingenieria.umh.es\/en\/wp-json\/wp\/v2\/media?parent=7007"}],"wp:term":[{"taxonomy":"category","embeddable":true,"href":"https:\/\/bioingenieria.umh.es\/en\/wp-json\/wp\/v2\/categories?post=7007"},{"taxonomy":"post_tag","embeddable":true,"href":"https:\/\/bioingenieria.umh.es\/en\/wp-json\/wp\/v2\/tags?post=7007"}],"curies":[{"name":"wp","href":"https:\/\/api.w.org\/{rel}","templated":true}]}}