{"id":7742,"date":"2022-10-03T21:04:42","date_gmt":"2022-10-03T21:04:42","guid":{"rendered":"https:\/\/bioingenieria.umh.es\/?p=7742"},"modified":"2023-11-23T21:17:21","modified_gmt":"2023-11-23T21:17:21","slug":"conference-in-the-opening-of-the-academic-year-2022-23-of-the-master-in-biotecnology","status":"publish","type":"post","link":"https:\/\/bioingenieria.umh.es\/en\/2022\/10\/03\/conference-in-the-opening-of-the-academic-year-2022-23-of-the-master-in-biotecnology\/","title":{"rendered":"CONFERENCE IN THE OPENING OF THE ACADEMIC YEAR 2022\/23 OF THE MASTER IN BIOTECHNOLOGY AND BIOENGINEERING"},"content":{"rendered":"<p>[et_pb_section fb_built=&#8221;1&#8243; _builder_version=&#8221;4.17.4&#8243; _module_preset=&#8221;default&#8221; global_colors_info=&#8221;{}&#8221;][et_pb_row _builder_version=&#8221;4.17.4&#8243; _module_preset=&#8221;default&#8221; global_colors_info=&#8221;{}&#8221;][et_pb_column type=&#8221;4_4&#8243; _builder_version=&#8221;4.17.4&#8243; _module_preset=&#8221;default&#8221; global_colors_info=&#8221;{}&#8221;][et_pb_text _builder_version=&#8221;4.17.4&#8243; _module_preset=&#8221;default&#8221; text_font=&#8221;|600|||||||&#8221; global_colors_info=&#8221;{}&#8221;]<\/p>\n<p>We welcome you to the Opening of the Academic year 2022-2023, which will be celebrated on Monday 3rd October at 11.30h in room 0.2 of Altabix. Professor Jos\u00e9 Meseguer, Emeritus Full Professor of Universidad de Murcia, will deliver the conference\u00a0\u201cNeurology. Science and art in the work of Santiago Ram\u00f3n y Cajal\u201d.<br \/>More information: <a href=\"https:\/\/master-biotecnologia-bioingenieria.umh.es\/2022\/09\/20\/la-conferencia-del-profesor-jose-meseguer-inaugurara-el-master-universitario-en-biotecnologia-y-bioingenieria-2022-2023-de-la-umh\/\">https:\/\/master-biotecnologia-bioingenieria.umh.es\/2022\/09\/20\/la-conferencia-del-profesor-jose-meseguer-inaugurara-el-master-universitario-en-biotecnologia-y-bioingenieria-2022-2023-de-la-umh\/<\/a><\/p>\n<p>[\/et_pb_text][\/et_pb_column][\/et_pb_row][\/et_pb_section]<\/p>\n","protected":false},"excerpt":{"rendered":"<p>We welcome you to the Opening of the Academic year 2022-2023, which will be celebrated on Monday 3rd October at 11.30h in room 0.2 of Altabix. Professor Jos\u00e9 Meseguer, Emeritus Full Professor of Universidad de Murcia, will deliver the conference\u00a0\u201cNeurology. Science and art in the work of Santiago Ram\u00f3n y Cajal\u201d.More information: https:\/\/master-biotecnologia-bioingenieria.umh.es\/2022\/09\/20\/la-conferencia-del-profesor-jose-meseguer-inaugurara-el-master-universitario-en-biotecnologia-y-bioingenieria-2022-2023-de-la-umh\/<\/p>\n","protected":false},"author":3158,"featured_media":7739,"comment_status":"closed","ping_status":"open","sticky":false,"template":"","format":"standard","meta":{"_et_pb_use_builder":"on","_et_pb_old_content":"<p>[et_pb_section fb_built=\"1\" _builder_version=\"4.17.4\" _module_preset=\"default\" global_colors_info=\"{}\"][et_pb_row _builder_version=\"4.17.4\" _module_preset=\"default\" global_colors_info=\"{}\"][et_pb_column type=\"4_4\" _builder_version=\"4.17.4\" _module_preset=\"default\" global_colors_info=\"{}\"][et_pb_text _builder_version=\"4.17.4\" _module_preset=\"default\" text_font=\"|600|||||||\" global_colors_info=\"{}\"]<\/p><p>Os invitamos a asistir al acto de Apertura del Curso 2022-2023 que tendr\u00e1 lugar el lunes 3 de octubre a las 11.30h, en el aula 0.2 del edificio Altabix, y en el que el profesor Jos\u00e9 Meseguer, Catedr\u00e1tico em\u00e9rito de la Universidad de Murcia, impartir\u00e1 la conferencia\u00a0\u201cNeurolog\u00eda. Ciencia y arte en la obra de Santiago Ram\u00f3n y Cajal\u201d.<br \/>M\u00e1s informaci\u00f3n: <a href=\"https:\/\/master-biotecnologia-bioingenieria.umh.es\/2022\/09\/20\/la-conferencia-del-profesor-jose-meseguer-inaugurara-el-master-universitario-en-biotecnologia-y-bioingenieria-2022-2023-de-la-umh\/\">https:\/\/master-biotecnologia-bioingenieria.umh.es\/2022\/09\/20\/la-conferencia-del-profesor-jose-meseguer-inaugurara-el-master-universitario-en-biotecnologia-y-bioingenieria-2022-2023-de-la-umh\/<\/a><\/p><p>[\/et_pb_text][\/et_pb_column][\/et_pb_row][\/et_pb_section]<\/p>","_et_gb_content_width":"","_links_to":"","_links_to_target":""},"categories":[7833,914710],"tags":[],"_links":{"self":[{"href":"https:\/\/bioingenieria.umh.es\/en\/wp-json\/wp\/v2\/posts\/7742"}],"collection":[{"href":"https:\/\/bioingenieria.umh.es\/en\/wp-json\/wp\/v2\/posts"}],"about":[{"href":"https:\/\/bioingenieria.umh.es\/en\/wp-json\/wp\/v2\/types\/post"}],"author":[{"embeddable":true,"href":"https:\/\/bioingenieria.umh.es\/en\/wp-json\/wp\/v2\/users\/3158"}],"replies":[{"embeddable":true,"href":"https:\/\/bioingenieria.umh.es\/en\/wp-json\/wp\/v2\/comments?post=7742"}],"version-history":[{"count":0,"href":"https:\/\/bioingenieria.umh.es\/en\/wp-json\/wp\/v2\/posts\/7742\/revisions"}],"wp:featuredmedia":[{"embeddable":true,"href":"https:\/\/bioingenieria.umh.es\/en\/wp-json\/wp\/v2\/media\/7739"}],"wp:attachment":[{"href":"https:\/\/bioingenieria.umh.es\/en\/wp-json\/wp\/v2\/media?parent=7742"}],"wp:term":[{"taxonomy":"category","embeddable":true,"href":"https:\/\/bioingenieria.umh.es\/en\/wp-json\/wp\/v2\/categories?post=7742"},{"taxonomy":"post_tag","embeddable":true,"href":"https:\/\/bioingenieria.umh.es\/en\/wp-json\/wp\/v2\/tags?post=7742"}],"curies":[{"name":"wp","href":"https:\/\/api.w.org\/{rel}","templated":true}]}}